{"id":7547,"date":"2021-01-06T19:00:00","date_gmt":"2021-01-06T19:00:00","guid":{"rendered":"https:\/\/zeitistrelativ.de\/blog\/?p=7547"},"modified":"2021-01-06T16:11:40","modified_gmt":"2021-01-06T16:11:40","slug":"ziele-vs-vorsaetze","status":"publish","type":"post","link":"https:\/\/zeitistrelativ.de\/blog\/ziele-vs-vorsaetze\/","title":{"rendered":"Ziele vs. Vors\u00e4tze: Wieso nur eines davon dich wirklich voranbringt"},"content":{"rendered":"\n<p>Was f\u00fcr eine Tradition: Anfang des Jahres werden hochmotiviert neue Vors\u00e4tze gefasst, die Mitte Januar schon vernachl\u00e4ssigt und Ende Februar aufs n\u00e4chste Jahr aufgeschoben werden. Mir ging es nicht anders und so habe ich mich entschlossen, mich dieses Jahr auf meine Ziele zu konzentrieren, anstatt lediglich Vors\u00e4tze zu formulieren. Daher:  Ziele vs. Vors\u00e4tze und wieso nur eines davon dich wirklich voranbringt!<\/p>\n\n\n\n<h2><strong>Ziele vs. Vors\u00e4tze:<\/strong><\/h2>\n\n\n\n<p>Als erstes will ich kurz einmal den Unterschied zwischen gut formulierten Zielen und Vors\u00e4tzen aufzeigen.<\/p>\n\n\n\n<h3><strong>Vors\u00e4tze:<\/strong><\/h3>\n\n\n\n<ul><li>haben keine Deadline und\/oder kein messbares Ziel. Sie sind schwammig: \u201eIch werde abnehmen.\u201c<\/li><li>bleiben vage und haben keinen konkreten Handlungsaufruf: \u201eIch werde eine bessere Person sein.\u201c<\/li><li>sind oftmals so formuliert, dass sie eher einem Wunsch gleichen und unrealistisch zu erreichen sind: \u201eIch werde schuldenfrei sein.\u201c<\/li><\/ul>\n\n\n\n<h3><strong>Ziele<\/strong>:<\/h3>\n\n\n\n<ul><li>sind messbar und haben einen zeitlichen Rahmen: \u201eBis Ende Juni m\u00f6chte ich 5kg abnehmen.\u201c<\/li><li>haben einen realistischen Handlungsplan: \u201eEinmal im Monat werde ich ehrenamtlich bei der Tafel helfen.\u201c<\/li><li>sind gut durchdacht und realistisch zu erreichen: \u201eIch werde meine laufenden Kosten \u00fcberpr\u00fcfen, ein Haushaltsbuch f\u00fchren und monatlich 100 \u20ac sparen.\u201c<\/li><\/ul>\n\n\n\n<h3><strong>Fazit<\/strong><\/h3>\n\n\n\n<p>Der Unterschied von Vors\u00e4tzen und Zielen ist also, dass es bei Vors\u00e4tzen an konkreten Umsetzungspl\u00e4nen fehlt, w\u00e4hrend bei Zielen die einzelnen Handlungsschritte konkret formuliert sind.<\/p>\n\n\n\n<h2><strong>Wie plane ich meine Ziele f\u00fcr 2021?<\/strong><\/h2>\n\n\n\n<h3><strong>Grunds\u00e4tzliches<\/strong><\/h3>\n\n\n\n<p>Meine Ziele f\u00fcr 2021 m\u00fcssen <a href=\"https:\/\/zeitistrelativ.de\/blog\/unproduktivitaet-eine-etwas-andere-sichtweise\/\">SMART<\/a> sein:<\/p>\n\n\n\n<ul><li><strong>S<\/strong>pezifisch<\/li><li><strong>M<\/strong>essbar<\/li><li><strong>A<\/strong>ttraktiv<\/li><li><strong>R<\/strong>ealistisch<\/li><li><strong>T<\/strong>erminiert<\/li><\/ul>\n\n\n\n<h4><strong>Ein Beispiel<\/strong><\/h4>\n\n\n\n<p>Eines meiner Ziele ist es, <strong>bis Ende des Jahres<\/strong> meinen <strong>Master of Arts in Germanistik<\/strong> zu haben. Damit ist das was (M.A.) und wann (31.12.2021) schon einmal festgelegt.<\/p>\n\n\n\n<p>Aber richtig messbar ist der Weg dahin nicht. Ich greife also in die Instrumentenkiste des Projektmanagements.<\/p>\n\n\n\n<h3><strong>Die Salami-Taktik<\/strong><\/h3>\n\n\n\n<p>Gr\u00f6\u00dfere Ziele bedingen immer kleinere Zwischenschritte. Ich zerhacke also das gro\u00dfe Ziel \u2013 in diesem Bild die Salami \u2013 in kleinere Portionen.<\/p>\n\n\n\n<p>Um meinen Master zu bekommen, muss ich noch 2 Hausarbeiten und 1 Klausur schreiben, 1 m\u00fcndliche Pr\u00fcfung ablegen, sowie 6 CP in einem Wahlpflichtbereich sammeln. Dazu kommen der Besuch eines Masterkolloquiums und das Schreiben der Masterarbeit.<\/p>\n\n\n\n<p>Auch diese Etappen m\u00fcssen terminiert werden. So muss z.B. meine Masterarbeit sp\u00e4testens am 30. September abgegeben werden, damit die beiden Korrektor*innen gen\u00fcgend Zeit haben, sie noch in diesem Jahr zu benoten. Beim Pr\u00fcfungsamt muss sie dementsprechend schon Mitte\/Ende Juni angemeldet werden.<\/p>\n\n\n\n<h3><strong>Zeitliche Rahmen setzen<\/strong><\/h3>\n\n\n\n<ul><li><em>Januar<\/em>: Abgabe der Hausarbeit in Literaturwissenschaft<\/li><li><em>Februar<\/em>: die m\u00fcndliche Pr\u00fcfung sowie eine Klausur f\u00fcr den Wahlpflichtbereich<\/li><li><em>M\u00e4rz<\/em> \/ <em>April<\/em>: Schreiben der zweiten Hausarbeit in Literaturwissenschaft<\/li><li><em>Mai<\/em>: Vorbesprechung der Masterarbeit<\/li><li><em>Juni<\/em>: Anmeldung der Masterarbeit<\/li><li><em>Juli<\/em>: Schreiben einer Klausur f\u00fcr den Wahlpflichtbereich<\/li><li><em>Juli<\/em> \u2013 <em>September<\/em>: Schreiben der Masterarbeit<\/li><li><em>September<\/em>: Abgabe der Masterarbeit.<\/li><\/ul>\n\n\n\n<h3><strong>Ziele Check:<\/strong><\/h3>\n\n\n\n<p>Wenn man seine Ziele so unterteilt und terminiert hat, ist es ersichtlicher, ob das Gesamtziel auch realistisch ist \u2013 oder der Plan ggfls. angepasst werden muss. Da ich nun auf einen Blick sehe, welchen Arbeitsaufwand ich voraussichtlich monatlich habe, kann ich meine Termine darauf abstimmen und mir so wertvolle Zeit f\u00fcr meinen Abschluss nehmen. Auch bei der Arbeit kann ich das ber\u00fccksichtigen und z.B. im September f\u00fcr die Endphase meiner Masterarbeit jetzt schon zwei Wochen Urlaub einplanen. Meinen Terminplan f\u00fcr die wichtigsten Klausuren teile ich \u00fcbrigens mit meinen Kolleg*innen und kann so auch mit ihnen eventuelle Urlaubs- oder Gleittage abstimmen. &nbsp;<\/p>\n\n\n\n<h2><strong>Fazit<\/strong>: <\/h2>\n\n\n\n<p>Die Strategie, seine Ziele SMART zu formulieren und mit der Salami-Taktik handhabbar zu unterteilen, kann man nat\u00fcrlich auch auf andere Ziele anwenden. Ob es nun der Verlust der Coronapfunde ist, oder der Stapel ungelesener B\u00fccher, der seit geraumer Zeit darauf wartet, gelesen zu werden. Konkrete Formulierungen helfen, sich selbst t\u00e4glich zu motivieren und nicht schon nach kurzer Zeit an unpr\u00e4zisen Vors\u00e4tzen zu scheitern.<\/p>\n\n\n\n<p>Nun werft einen Blick auf eure Vorhaben f\u00fcr 2021. Habt ihr euch f\u00fcr dieses Jahr Ziele oder Vors\u00e4tze gesetzt?<\/p>\n","protected":false},"excerpt":{"rendered":"<p>Was f\u00fcr eine Tradition: Anfang des Jahres werden hochmotiviert neue Vors\u00e4tze gefasst, die Mitte Januar schon vernachl\u00e4ssigt und Ende Februar aufs n\u00e4chste Jahr aufgeschoben werden. Mir ging es nicht anders und so habe ich mich entschlossen, mich dieses Jahr auf meine Ziele zu konzentrieren, anstatt lediglich Vors\u00e4tze zu formulieren. Daher:<\/p>\n","protected":false},"author":2,"featured_media":7551,"comment_status":"open","ping_status":"open","sticky":false,"template":"","format":"standard","meta":{"_monsterinsights_skip_tracking":false,"_monsterinsights_sitenote_active":false,"_monsterinsights_sitenote_note":"","_monsterinsights_sitenote_category":0},"categories":[5],"tags":[62,101,103,102],"jetpack_featured_media_url":"https:\/\/zeitistrelativ.de\/blog\/wp-content\/uploads\/2021\/01\/checklist-2589418_1920.jpg","yoast_head":"<!-- This site is optimized with the Yoast SEO plugin v15.9 - https:\/\/yoast.com\/wordpress\/plugins\/seo\/ -->\n<title>Ziele vs. Vors\u00e4tze: Wieso nur eines davon dich wirklich voranbringt - Zeit ist Relativ<\/title>\n<meta name=\"description\" content=\"Ziele vs. Vors\u00e4tze: Statt Vors\u00e4tze, die schon im Februar \u00fcber Board geworfen werden, bringen dich nur gut formulierte Ziele wirklich voran.\" \/>\n<meta name=\"robots\" content=\"index, follow, max-snippet:-1, max-image-preview:large, max-video-preview:-1\" \/>\n<link rel=\"canonical\" href=\"https:\/\/zeitistrelativ.de\/blog\/ziele-vs-vorsaetze\/\" \/>\n<meta property=\"og:locale\" content=\"de_DE\" \/>\n<meta property=\"og:type\" content=\"article\" \/>\n<meta property=\"og:title\" content=\"Ziele vs. Vors\u00e4tze: Wieso nur eines davon dich wirklich voranbringt - Zeit ist Relativ\" \/>\n<meta property=\"og:description\" content=\"Ziele vs. Vors\u00e4tze: Statt Vors\u00e4tze, die schon im Februar \u00fcber Board geworfen werden, bringen dich nur gut formulierte Ziele wirklich voran.\" \/>\n<meta property=\"og:url\" content=\"https:\/\/zeitistrelativ.de\/blog\/ziele-vs-vorsaetze\/\" \/>\n<meta property=\"og:site_name\" content=\"Zeit ist Relativ\" \/>\n<meta property=\"article:published_time\" content=\"2021-01-06T19:00:00+00:00\" \/>\n<meta property=\"article:modified_time\" content=\"2021-01-06T16:11:40+00:00\" \/>\n<meta property=\"og:image\" content=\"https:\/\/zeitistrelativ.de\/blog\/wp-content\/uploads\/2021\/01\/checklist-2589418_1920.jpg\" \/>\n\t<meta property=\"og:image:width\" content=\"1920\" \/>\n\t<meta property=\"og:image:height\" content=\"1277\" \/>\n<meta name=\"twitter:card\" content=\"summary_large_image\" \/>\n<meta name=\"twitter:label1\" content=\"Gesch\u00e4tzte Lesezeit\">\n\t<meta name=\"twitter:data1\" content=\"3\u00a0Minuten\">\n<script type=\"application\/ld+json\" class=\"yoast-schema-graph\">{\"@context\":\"https:\/\/schema.org\",\"@graph\":[{\"@type\":\"WebSite\",\"@id\":\"https:\/\/zeitistrelativ.de\/blog\/#website\",\"url\":\"https:\/\/zeitistrelativ.de\/blog\/\",\"name\":\"Zeit ist Relativ\",\"description\":\"Lebenslust und Zeitmanagement im Alltag\",\"publisher\":{\"@id\":\"https:\/\/zeitistrelativ.de\/blog\/#\/schema\/person\/a72431f44baebb3544fa2998799c0011\"},\"potentialAction\":[{\"@type\":\"SearchAction\",\"target\":\"https:\/\/zeitistrelativ.de\/blog\/?s={search_term_string}\",\"query-input\":\"required name=search_term_string\"}],\"inLanguage\":\"de\"},{\"@type\":\"ImageObject\",\"@id\":\"https:\/\/zeitistrelativ.de\/blog\/ziele-vs-vorsaetze\/#primaryimage\",\"inLanguage\":\"de\",\"url\":\"https:\/\/zeitistrelativ.de\/blog\/wp-content\/uploads\/2021\/01\/checklist-2589418_1920.jpg\",\"width\":1920,\"height\":1277,\"caption\":\"Zeile versus Vors\\u00e4tze und wieso nur eines von dich weiterbringt\"},{\"@type\":\"WebPage\",\"@id\":\"https:\/\/zeitistrelativ.de\/blog\/ziele-vs-vorsaetze\/#webpage\",\"url\":\"https:\/\/zeitistrelativ.de\/blog\/ziele-vs-vorsaetze\/\",\"name\":\"Ziele vs. Vors\\u00e4tze: Wieso nur eines davon dich wirklich voranbringt - Zeit ist Relativ\",\"isPartOf\":{\"@id\":\"https:\/\/zeitistrelativ.de\/blog\/#website\"},\"primaryImageOfPage\":{\"@id\":\"https:\/\/zeitistrelativ.de\/blog\/ziele-vs-vorsaetze\/#primaryimage\"},\"datePublished\":\"2021-01-06T19:00:00+00:00\",\"dateModified\":\"2021-01-06T16:11:40+00:00\",\"description\":\"Ziele vs. Vors\\u00e4tze: Statt Vors\\u00e4tze, die schon im Februar \\u00fcber Board geworfen werden, bringen dich nur gut formulierte Ziele wirklich voran.\",\"breadcrumb\":{\"@id\":\"https:\/\/zeitistrelativ.de\/blog\/ziele-vs-vorsaetze\/#breadcrumb\"},\"inLanguage\":\"de\",\"potentialAction\":[{\"@type\":\"ReadAction\",\"target\":[\"https:\/\/zeitistrelativ.de\/blog\/ziele-vs-vorsaetze\/\"]}]},{\"@type\":\"BreadcrumbList\",\"@id\":\"https:\/\/zeitistrelativ.de\/blog\/ziele-vs-vorsaetze\/#breadcrumb\",\"itemListElement\":[{\"@type\":\"ListItem\",\"position\":1,\"item\":{\"@type\":\"WebPage\",\"@id\":\"https:\/\/zeitistrelativ.de\/blog\/\",\"url\":\"https:\/\/zeitistrelativ.de\/blog\/\",\"name\":\"Startseite\"}},{\"@type\":\"ListItem\",\"position\":2,\"item\":{\"@type\":\"WebPage\",\"@id\":\"https:\/\/zeitistrelativ.de\/blog\/ziele-vs-vorsaetze\/\",\"url\":\"https:\/\/zeitistrelativ.de\/blog\/ziele-vs-vorsaetze\/\",\"name\":\"Ziele vs. Vors\\u00e4tze: Wieso nur eines davon dich wirklich voranbringt\"}}]},{\"@type\":\"Article\",\"@id\":\"https:\/\/zeitistrelativ.de\/blog\/ziele-vs-vorsaetze\/#article\",\"isPartOf\":{\"@id\":\"https:\/\/zeitistrelativ.de\/blog\/ziele-vs-vorsaetze\/#webpage\"},\"author\":{\"@id\":\"https:\/\/zeitistrelativ.de\/blog\/#\/schema\/person\/a72431f44baebb3544fa2998799c0011\"},\"headline\":\"Ziele vs. Vors\\u00e4tze: Wieso nur eines davon dich wirklich voranbringt\",\"datePublished\":\"2021-01-06T19:00:00+00:00\",\"dateModified\":\"2021-01-06T16:11:40+00:00\",\"mainEntityOfPage\":{\"@id\":\"https:\/\/zeitistrelativ.de\/blog\/ziele-vs-vorsaetze\/#webpage\"},\"commentCount\":0,\"publisher\":{\"@id\":\"https:\/\/zeitistrelativ.de\/blog\/#\/schema\/person\/a72431f44baebb3544fa2998799c0011\"},\"image\":{\"@id\":\"https:\/\/zeitistrelativ.de\/blog\/ziele-vs-vorsaetze\/#primaryimage\"},\"keywords\":\"Selbstoptimierung,Voratz,Zeitmanagement,Ziele\",\"articleSection\":\"Zeitmanagement\",\"inLanguage\":\"de\",\"potentialAction\":[{\"@type\":\"CommentAction\",\"name\":\"Comment\",\"target\":[\"https:\/\/zeitistrelativ.de\/blog\/ziele-vs-vorsaetze\/#respond\"]}]},{\"@type\":[\"Person\",\"Organization\"],\"@id\":\"https:\/\/zeitistrelativ.de\/blog\/#\/schema\/person\/a72431f44baebb3544fa2998799c0011\",\"name\":\"Julia\",\"image\":{\"@type\":\"ImageObject\",\"@id\":\"https:\/\/zeitistrelativ.de\/blog\/#personlogo\",\"inLanguage\":\"de\",\"url\":\"https:\/\/secure.gravatar.com\/avatar\/e457236960bd98e1c9f083c3dcb674a6?s=96&d=mm&r=g\",\"caption\":\"Julia\"},\"logo\":{\"@id\":\"https:\/\/zeitistrelativ.de\/blog\/#personlogo\"}}]}<\/script>\n<!-- \/ Yoast SEO plugin. -->","_links":{"self":[{"href":"https:\/\/zeitistrelativ.de\/blog\/wp-json\/wp\/v2\/posts\/7547"}],"collection":[{"href":"https:\/\/zeitistrelativ.de\/blog\/wp-json\/wp\/v2\/posts"}],"about":[{"href":"https:\/\/zeitistrelativ.de\/blog\/wp-json\/wp\/v2\/types\/post"}],"author":[{"embeddable":true,"href":"https:\/\/zeitistrelativ.de\/blog\/wp-json\/wp\/v2\/users\/2"}],"replies":[{"embeddable":true,"href":"https:\/\/zeitistrelativ.de\/blog\/wp-json\/wp\/v2\/comments?post=7547"}],"version-history":[{"count":2,"href":"https:\/\/zeitistrelativ.de\/blog\/wp-json\/wp\/v2\/posts\/7547\/revisions"}],"predecessor-version":[{"id":7552,"href":"https:\/\/zeitistrelativ.de\/blog\/wp-json\/wp\/v2\/posts\/7547\/revisions\/7552"}],"wp:featuredmedia":[{"embeddable":true,"href":"https:\/\/zeitistrelativ.de\/blog\/wp-json\/wp\/v2\/media\/7551"}],"wp:attachment":[{"href":"https:\/\/zeitistrelativ.de\/blog\/wp-json\/wp\/v2\/media?parent=7547"}],"wp:term":[{"taxonomy":"category","embeddable":true,"href":"https:\/\/zeitistrelativ.de\/blog\/wp-json\/wp\/v2\/categories?post=7547"},{"taxonomy":"post_tag","embeddable":true,"href":"https:\/\/zeitistrelativ.de\/blog\/wp-json\/wp\/v2\/tags?post=7547"}],"curies":[{"name":"wp","href":"https:\/\/api.w.org\/{rel}","templated":true}]}}