{"id":7008,"date":"2020-06-02T13:15:15","date_gmt":"2020-06-02T11:15:15","guid":{"rendered":"https:\/\/jezabelbotanica.wordpress.com\/?p=7008"},"modified":"2020-11-25T10:08:28","modified_gmt":"2020-11-25T10:08:28","slug":"wie-man-seinen-schreibtisch-effizient-organisiert","status":"publish","type":"post","link":"https:\/\/zeitistrelativ.de\/blog\/wie-man-seinen-schreibtisch-effizient-organisiert\/","title":{"rendered":"Wie man seinen Schreibtisch effizient organisiert"},"content":{"rendered":"\n<p>Seit mehreren Wochen bin ich im Homeoffice und daher ist mein heimischer Schreibtisch mein neuer Lebensmittelpunkt geworden. Um wirklich produktiv zu sein, ist f\u00fcr mich die Organisation von <a href=\"https:\/\/zeitistrelativ.de\/blog\/category\/studentenleben\/\" target=\"_blank\" rel=\"noreferrer noopener\">Beruf, Studium<\/a> und p<a href=\"https:\/\/zeitistrelativ.de\/blog\/category\/leben\/\" target=\"_blank\" rel=\"noreferrer noopener\">rivaten Interessen<\/a> das A und O.  Daher ein kurzer Einblick in die Kunst: Wie man seinen Schreibtisch effizient organisiert.<\/p>\n\n\n\n<h4>Was der Schreibtisch verr\u00e4t<\/h4>\n\n\n\n<p>Unser Schreibtisch verr\u00e4t sehr viel \u00fcber unsere Arbeitsweise und wie viel Ablenkung wir vertragen, um dennoch konzentriert arbeiten zu k\u00f6nnen. Scheint unser Arbeitsplatz unter der Last von B\u00fcchern, Zeitschriften und Dekoration fast zu zerbersten oder ist er nahezu klinisch sauber? Auch abseits vom Homeoffice erlaubt der Schreibtisch einen Blick auf die Unternehmenskultur. Sind pers\u00f6nliche Gegenst\u00e4nde erlaubt oder beginnt und endet die eigene individuelle Note mit der Kaffeetasse? Wie viel Platz r\u00e4umt das Unternehmen seinen einzelnen Angestellten ein und sind die Arbeitspl\u00e4tze ergonomisch gestaltet? Ich habe mal in einem Unternehmen hospitiert, da musste ich von meinem Stuhl aufstehen, damit meine Kollegin von ihrem Arbeitsplatz aufstehen konnte. So etwas unterbricht Arbeitsabl\u00e4ufe und st\u00f6rt die Konzentration erheblich.  <\/p>\n\n\n\n<h4>Falsche Vorstellungen durch Instagram und Pinterest<\/h4>\n\n\n\n<p>Wenn ich mir meine Pinterest-Pinnwand und in meinen Feed bei Instagram ansehe, scheinen die meisten Schreibtische der Influrencer*innen aus MacBooks, h\u00fcbschen Notizb\u00fcchern, Duftkerzen und pastellfarbenen Blumen in geometrischen Vasen zu bestehen. Die Tischplatten sind wei\u00df und der Platz sehr begrenzt. Das sieht auf den ersten Blick auch sehr ansprechend aus und ich hab mich schon das ein oder andere Mal ge\u00e4rgert, dass mein Schreibtisch so gar nicht diesen Standards gen\u00fcgt. Weder Zuhause im Homeoffice noch im B\u00fcro. Dabei habe ich es durchaus versucht. Aber l\u00e4nger als einen Tag sah der Schreibtisch nie instagramtauglich aus. Auch die Anleitungen bei Pinterest zu einem geordneten Schreibtisch haben mich mehr frustriert als weitergebracht. Das Problem war, dass all diese Bilder und Anleitungen \u2013 egal wie sinnvoll sie im ersten Moment erschienen \u2013 auf die Optik ausgelegt waren, und nicht auf die Funktionalit\u00e4t. Dabei sollte hier der Fokus liegen. <\/p>\n\n\n\n<!--more-->\n\n\n\n<h4>Wie man seinen Schreibtisch effizient organisiert: Funktionalit\u00e4t statt Optik<\/h4>\n\n\n\n<div class=\"wp-block-columns\">\n<div class=\"wp-block-column\">\n<figure class=\"wp-block-image size-large is-resized\"><img loading=\"lazy\" src=\"https:\/\/jezabelbotanica.files.wordpress.com\/2020\/06\/buecher.jpg?w=1024\" alt=\"\" class=\"wp-image-7027\" width=\"379\" height=\"379\"\/><figcaption>Lehrb\u00fccher zum Thema politische Kommunikation<\/figcaption><\/figure>\n<\/div>\n\n\n\n<div class=\"wp-block-column\">\n<p>Es mag Menschen geben, die ohne weiteres auf ihrem Schreibtisch neben Computer und Stiften auch Bilder, Lieblingsb\u00fccher, Blumen, Zeitschriften und Motivationsspr\u00fcche organisieren k\u00f6nnen, ohne abgelenkt zu werden. Ich geh\u00f6re nicht dazu. Nat\u00fcrlich finde ich Blumen auf Schreibtischen sch\u00f6n \u2013 aber sie unterst\u00fctzen mich nicht bei meinem Arbeitsalltag. Und so ist auf meinem Schreibtisch nur das, was ich aktuell auch tats\u00e4chlich brauche. Aktuell schreibe ich an einer Hausarbeit \u00fcber politische Kommunikation und sprachliche Restriktionen in der \u00d6ffentlichkeit. Daher befindet sich auf meinem Schreibtisch die dementsprechende Literatur.<\/p>\n<\/div>\n<\/div>\n\n\n\n<div class=\"wp-block-columns\">\n<div class=\"wp-block-column\">\n<p>Notizen mache ich mir in mein Notizbuch von der FAZ oder in mein Bullet Journal. Eine Zettelwirtschaft habe ich mir v\u00f6llig abgew\u00f6hnt. Mitschriften f\u00fcr mein Studium notiere ich in OneNote. So habe ich von all meinen Endger\u00e4ten Zugriff und mein B\u00fcro wird nicht von noch mehr Ordnern eingenommen. Im Homeoffice konnte ich mich auf eine papierlose Redaktionsarbeit umstellen, was ich pers\u00f6nlich sehr viel angenehmer finde, da ich so Arbeitsmaterial sowie M\u00fcll einspare.<\/p>\n<\/div>\n\n\n\n<div class=\"wp-block-column\">\n<figure class=\"wp-block-image size-large\"><img src=\"https:\/\/jezabelbotanica.files.wordpress.com\/2020\/06\/notizbuch.jpg?w=1024\" alt=\"\" class=\"wp-image-7026\"\/><figcaption>Notizbuch von der FAZ<\/figcaption><\/figure>\n<\/div>\n<\/div>\n\n\n\n<p>Meist versuche ich, meinen Arbeitsplatz so klar und sauber zu halten wie m\u00f6glich \u2013 denn f\u00fcr mich bedeutet ein aufger\u00e4umter Schreibtisch auch einen aufger\u00e4umten Geist. Wenn alles durcheinander liegt und es aufgrund von Platzmangel etwas chaotisch zugeht, habe ich schnell das Gef\u00fchl, den \u00dcberblick zu verlieren. Ein Grund, weswegen ich fr\u00fcher auch sehr gerne zum Lernen in die Bibliothek ging. Dort hatte ich zum einen mehr Platz auf den Tischen und zum anderen nat\u00fcrlich auch weniger Material, was ich dort ausbreiten konnte. Nun muss ich mir das Bibliotheksfeeling in unsere Wohnung holen. Der gro\u00dfe Vorteil im Homeoffice gegen\u00fcber der Bibliothek ist nat\u00fcrlich, dass ich unbegrenzten Zugriff auf Kaffee habe und niemand meckert, wenn ich nebenbei etwas knabbere. <\/p>\n\n\n\n<p>Auch meine Schreibtischschubladen sind organisiert. Da habe ich mir einiges von Mari Kondo abgeguckt, wie ich gestehen muss. Viele Schachteln, u.a. von Badekugeln, Kopfh\u00f6rern oder Schmuck sorgen hier f\u00fcr die n\u00f6tige Ordnung. Minimalistisch ist hier allerdings gar nichts, da ich ein gro\u00dfes Faible f\u00fcr Schreibwaren habe. <\/p>\n\n\n\n<h4>Meine pers\u00f6nliche Note<\/h4>\n\n\n\n<p>Nat\u00fcrlich kommt mein Schreibtisch nicht v\u00f6llig ohne pers\u00f6nliche Note aus. So habe ich ein Gitter an der Wand h\u00e4ngen, an dem Fotos von den mir liebsten Menschen, sowie sch\u00f6ne Postkarten, die ich bekommen habe, befestigt sind. <\/p>\n\n\n\n<p>Allerdings merke ich, dass wenn es zu bunt wird, es mich mittlerweile st\u00f6rt. Nicht, weil es mich ablenkt, sondern weil ich es gerne minimalistisch habe und mich eine klare Struktur \u00e4sthetisch mehr anspricht. <\/p>\n\n\n\n<h3>Fazit: Wie man seinen Schreibtisch effizient organisiert<\/h3>\n\n\n\n<ul><li><strong>Halte deinen Schreibtisch frei von unn\u00fctzen Krempel<\/strong>. Dieser nimmt nur Platz weg und sorgt f\u00fcr Unruhe. Egal wie sehr du diesen Puschelkugelschreiber liebst, wenn du damit nicht schreibst, hat er auf deinem Schreibtisch nichts verloren. <\/li><li><strong>R\u00e4ume alles, was du gerade nicht brauchst, direkt weg<\/strong>. Nutzt du Klebezettel? Hefte sie in ein Notizbuch, oder steige direkt auf ein Notizbuch um. Gestern hast du die neueste Ausgabe eines Magazins gelesen? Solange du gerade nicht darin liest, geh\u00f6rt es nicht auf den Schreibtisch.<\/li><li><strong>Entferne alles, was dich ablenkt.<\/strong> Frage dich, ob du tats\u00e4chlich Dekoration auf deinem Schreibtisch brauchst. Er ist zum Arbeiten da und kein Lifestyle-Statement f\u00fcr Pinterest. Im schlimmsten Fall lenkt Dekoration dich unn\u00f6tig ab. <\/li><li><strong>R\u00e4ume deine Schubladen auf.<\/strong> Es hilft nicht, wenn die Schreibtischplatte aufger\u00e4umt ist, du der in den Schubladen ewig nach dem richtigen Stift oder den Post-Its suchen musst. <\/li><li><strong>Sorge f\u00fcr ausreichend Licht<\/strong>. Eine Kerze mag sch\u00f6n schummrig sein und eventuell gut duften, deinen Augen tut sie allerdings als Lichtquelle nicht gut. Investiere lieber in eine gute Schreibtischlampe, welche eine regelbare Lichtst\u00e4rke und -temperatur hat.<\/li><\/ul>\n\n\n\n<p class=\"has-text-align-center\">Wie sieht euer Schreibtisch Zuhause aus? Arbeitet ihr \u00fcberhaupt an einem Schreibtisch oder sitzt ihr dabei lieber auf dem Sofa mit den Laptop auf dem Scho\u00df? <\/p>\n\n\n\n<p><\/p>\n","protected":false},"excerpt":{"rendered":"<p>Seit 12 Wochen bin ich im Homeoffice und daher ist mein heimischer Schreibtisch mein neuer Lebensmittelpunkt geworden. Um wirklich produktiv zu sein, ist f\u00fcr mich die Organisation von Beruf, Studium und privaten Interessen das A und O.  <\/p>\n","protected":false},"author":2,"featured_media":7289,"comment_status":"open","ping_status":"open","sticky":false,"template":"","format":"standard","meta":{"_monsterinsights_skip_tracking":false,"_monsterinsights_sitenote_active":false,"_monsterinsights_sitenote_note":"","_monsterinsights_sitenote_category":0},"categories":[5],"tags":[22,39,49,59],"jetpack_featured_media_url":"https:\/\/zeitistrelativ.de\/blog\/wp-content\/uploads\/2020\/06\/office-home-glasses-workspace.jpg","yoast_head":"<!-- This site is optimized with the Yoast SEO plugin v15.9 - https:\/\/yoast.com\/wordpress\/plugins\/seo\/ -->\n<title>Wie man seinen Schreibtisch effizient organisiert - Zeit ist Relativ<\/title>\n<meta name=\"description\" content=\"Um produktiv und erfolgreich im Homeoffice zu sein, ist es wichtig, seinen Schreibtisch effizient zu organisiert um privates und berufliches zu verbinden.\" \/>\n<meta name=\"robots\" content=\"index, follow, max-snippet:-1, max-image-preview:large, max-video-preview:-1\" \/>\n<link rel=\"canonical\" href=\"https:\/\/zeitistrelativ.de\/blog\/wie-man-seinen-schreibtisch-effizient-organisiert\/\" \/>\n<meta property=\"og:locale\" content=\"de_DE\" \/>\n<meta property=\"og:type\" content=\"article\" \/>\n<meta property=\"og:title\" content=\"Wie man seinen Schreibtisch effizient organisiert - Zeit ist Relativ\" \/>\n<meta property=\"og:description\" content=\"Um produktiv und erfolgreich im Homeoffice zu sein, ist es wichtig, seinen Schreibtisch effizient zu organisiert um privates und berufliches zu verbinden.\" \/>\n<meta property=\"og:url\" content=\"https:\/\/zeitistrelativ.de\/blog\/wie-man-seinen-schreibtisch-effizient-organisiert\/\" \/>\n<meta property=\"og:site_name\" content=\"Zeit ist Relativ\" \/>\n<meta property=\"article:published_time\" content=\"2020-06-02T11:15:15+00:00\" \/>\n<meta property=\"article:modified_time\" content=\"2020-11-25T10:08:28+00:00\" \/>\n<meta property=\"og:image\" content=\"https:\/\/zeitistrelativ.de\/blog\/wp-content\/uploads\/2020\/06\/office-home-glasses-workspace.jpg\" \/>\n\t<meta property=\"og:image:width\" content=\"1880\" \/>\n\t<meta property=\"og:image:height\" content=\"1253\" \/>\n<meta name=\"twitter:card\" content=\"summary_large_image\" \/>\n<meta name=\"twitter:label1\" content=\"Gesch\u00e4tzte Lesezeit\">\n\t<meta name=\"twitter:data1\" content=\"5\u00a0Minuten\">\n<script type=\"application\/ld+json\" class=\"yoast-schema-graph\">{\"@context\":\"https:\/\/schema.org\",\"@graph\":[{\"@type\":\"WebSite\",\"@id\":\"https:\/\/zeitistrelativ.de\/blog\/#website\",\"url\":\"https:\/\/zeitistrelativ.de\/blog\/\",\"name\":\"Zeit ist Relativ\",\"description\":\"Lebenslust und Zeitmanagement im Alltag\",\"publisher\":{\"@id\":\"https:\/\/zeitistrelativ.de\/blog\/#\/schema\/person\/a72431f44baebb3544fa2998799c0011\"},\"potentialAction\":[{\"@type\":\"SearchAction\",\"target\":\"https:\/\/zeitistrelativ.de\/blog\/?s={search_term_string}\",\"query-input\":\"required name=search_term_string\"}],\"inLanguage\":\"de\"},{\"@type\":\"ImageObject\",\"@id\":\"https:\/\/zeitistrelativ.de\/blog\/wie-man-seinen-schreibtisch-effizient-organisiert\/#primaryimage\",\"inLanguage\":\"de\",\"url\":\"https:\/\/zeitistrelativ.de\/blog\/wp-content\/uploads\/2020\/06\/office-home-glasses-workspace.jpg\",\"width\":1880,\"height\":1253},{\"@type\":\"WebPage\",\"@id\":\"https:\/\/zeitistrelativ.de\/blog\/wie-man-seinen-schreibtisch-effizient-organisiert\/#webpage\",\"url\":\"https:\/\/zeitistrelativ.de\/blog\/wie-man-seinen-schreibtisch-effizient-organisiert\/\",\"name\":\"Wie man seinen Schreibtisch effizient organisiert - Zeit ist Relativ\",\"isPartOf\":{\"@id\":\"https:\/\/zeitistrelativ.de\/blog\/#website\"},\"primaryImageOfPage\":{\"@id\":\"https:\/\/zeitistrelativ.de\/blog\/wie-man-seinen-schreibtisch-effizient-organisiert\/#primaryimage\"},\"datePublished\":\"2020-06-02T11:15:15+00:00\",\"dateModified\":\"2020-11-25T10:08:28+00:00\",\"description\":\"Um produktiv und erfolgreich im Homeoffice zu sein, ist es wichtig, seinen Schreibtisch effizient zu organisiert um privates und berufliches zu verbinden.\",\"breadcrumb\":{\"@id\":\"https:\/\/zeitistrelativ.de\/blog\/wie-man-seinen-schreibtisch-effizient-organisiert\/#breadcrumb\"},\"inLanguage\":\"de\",\"potentialAction\":[{\"@type\":\"ReadAction\",\"target\":[\"https:\/\/zeitistrelativ.de\/blog\/wie-man-seinen-schreibtisch-effizient-organisiert\/\"]}]},{\"@type\":\"BreadcrumbList\",\"@id\":\"https:\/\/zeitistrelativ.de\/blog\/wie-man-seinen-schreibtisch-effizient-organisiert\/#breadcrumb\",\"itemListElement\":[{\"@type\":\"ListItem\",\"position\":1,\"item\":{\"@type\":\"WebPage\",\"@id\":\"https:\/\/zeitistrelativ.de\/blog\/\",\"url\":\"https:\/\/zeitistrelativ.de\/blog\/\",\"name\":\"Startseite\"}},{\"@type\":\"ListItem\",\"position\":2,\"item\":{\"@type\":\"WebPage\",\"@id\":\"https:\/\/zeitistrelativ.de\/blog\/wie-man-seinen-schreibtisch-effizient-organisiert\/\",\"url\":\"https:\/\/zeitistrelativ.de\/blog\/wie-man-seinen-schreibtisch-effizient-organisiert\/\",\"name\":\"Wie man seinen Schreibtisch effizient organisiert\"}}]},{\"@type\":\"Article\",\"@id\":\"https:\/\/zeitistrelativ.de\/blog\/wie-man-seinen-schreibtisch-effizient-organisiert\/#article\",\"isPartOf\":{\"@id\":\"https:\/\/zeitistrelativ.de\/blog\/wie-man-seinen-schreibtisch-effizient-organisiert\/#webpage\"},\"author\":{\"@id\":\"https:\/\/zeitistrelativ.de\/blog\/#\/schema\/person\/a72431f44baebb3544fa2998799c0011\"},\"headline\":\"Wie man seinen Schreibtisch effizient organisiert\",\"datePublished\":\"2020-06-02T11:15:15+00:00\",\"dateModified\":\"2020-11-25T10:08:28+00:00\",\"mainEntityOfPage\":{\"@id\":\"https:\/\/zeitistrelativ.de\/blog\/wie-man-seinen-schreibtisch-effizient-organisiert\/#webpage\"},\"commentCount\":0,\"publisher\":{\"@id\":\"https:\/\/zeitistrelativ.de\/blog\/#\/schema\/person\/a72431f44baebb3544fa2998799c0011\"},\"image\":{\"@id\":\"https:\/\/zeitistrelativ.de\/blog\/wie-man-seinen-schreibtisch-effizient-organisiert\/#primaryimage\"},\"keywords\":\"Featured,Homeoffice,Organisation,Selbsterforschung\",\"articleSection\":\"Zeitmanagement\",\"inLanguage\":\"de\",\"potentialAction\":[{\"@type\":\"CommentAction\",\"name\":\"Comment\",\"target\":[\"https:\/\/zeitistrelativ.de\/blog\/wie-man-seinen-schreibtisch-effizient-organisiert\/#respond\"]}]},{\"@type\":[\"Person\",\"Organization\"],\"@id\":\"https:\/\/zeitistrelativ.de\/blog\/#\/schema\/person\/a72431f44baebb3544fa2998799c0011\",\"name\":\"Julia\",\"image\":{\"@type\":\"ImageObject\",\"@id\":\"https:\/\/zeitistrelativ.de\/blog\/#personlogo\",\"inLanguage\":\"de\",\"url\":\"https:\/\/secure.gravatar.com\/avatar\/e457236960bd98e1c9f083c3dcb674a6?s=96&d=mm&r=g\",\"caption\":\"Julia\"},\"logo\":{\"@id\":\"https:\/\/zeitistrelativ.de\/blog\/#personlogo\"}}]}<\/script>\n<!-- \/ Yoast SEO plugin. -->","_links":{"self":[{"href":"https:\/\/zeitistrelativ.de\/blog\/wp-json\/wp\/v2\/posts\/7008"}],"collection":[{"href":"https:\/\/zeitistrelativ.de\/blog\/wp-json\/wp\/v2\/posts"}],"about":[{"href":"https:\/\/zeitistrelativ.de\/blog\/wp-json\/wp\/v2\/types\/post"}],"author":[{"embeddable":true,"href":"https:\/\/zeitistrelativ.de\/blog\/wp-json\/wp\/v2\/users\/2"}],"replies":[{"embeddable":true,"href":"https:\/\/zeitistrelativ.de\/blog\/wp-json\/wp\/v2\/comments?post=7008"}],"version-history":[{"count":3,"href":"https:\/\/zeitistrelativ.de\/blog\/wp-json\/wp\/v2\/posts\/7008\/revisions"}],"predecessor-version":[{"id":7545,"href":"https:\/\/zeitistrelativ.de\/blog\/wp-json\/wp\/v2\/posts\/7008\/revisions\/7545"}],"wp:featuredmedia":[{"embeddable":true,"href":"https:\/\/zeitistrelativ.de\/blog\/wp-json\/wp\/v2\/media\/7289"}],"wp:attachment":[{"href":"https:\/\/zeitistrelativ.de\/blog\/wp-json\/wp\/v2\/media?parent=7008"}],"wp:term":[{"taxonomy":"category","embeddable":true,"href":"https:\/\/zeitistrelativ.de\/blog\/wp-json\/wp\/v2\/categories?post=7008"},{"taxonomy":"post_tag","embeddable":true,"href":"https:\/\/zeitistrelativ.de\/blog\/wp-json\/wp\/v2\/tags?post=7008"}],"curies":[{"name":"wp","href":"https:\/\/api.w.org\/{rel}","templated":true}]}}